{"id":747,"date":"2025-01-26T09:14:58","date_gmt":"2025-01-26T12:14:58","guid":{"rendered":"https:\/\/czmedicinafuncional.com\/?p=747"},"modified":"2025-01-26T09:14:58","modified_gmt":"2025-01-26T12:14:58","slug":"cuidate","status":"publish","type":"post","link":"https:\/\/czmedicinafuncional.com\/index.php\/2025\/01\/26\/cuidate\/","title":{"rendered":"Los beneficios de cuidarte"},"content":{"rendered":"<p>[et_pb_section fb_built=&#8221;1&#8243; _builder_version=&#8221;4.18.0&#8243; _module_preset=&#8221;default&#8221; background_image=&#8221;http:\/\/czmedicinafuncional.com\/wp-content\/uploads\/2025\/01\/gettyimages-1370912516-612&#215;612-1.jpg&#8221; height=&#8221;297px&#8221; hover_enabled=&#8221;0&#8243; locked=&#8221;off&#8221; global_colors_info=&#8221;{}&#8221; sticky_enabled=&#8221;0&#8243; title_text=&#8221;gettyimages-1370912516-612&#215;612&#8243;][et_pb_row _builder_version=&#8221;4.18.0&#8243; _module_preset=&#8221;default&#8221; global_colors_info=&#8221;{}&#8221;][et_pb_column type=&#8221;4_4&#8243; _builder_version=&#8221;4.18.0&#8243; _module_preset=&#8221;default&#8221; global_colors_info=&#8221;{}&#8221;][\/et_pb_column][\/et_pb_row][\/et_pb_section][et_pb_section fb_built=&#8221;1&#8243; _builder_version=&#8221;4.16&#8243; custom_padding=&#8221;61px|||||&#8221; global_colors_info=&#8221;{}&#8221;][et_pb_row _builder_version=&#8221;4.16&#8243; background_size=&#8221;initial&#8221; background_position=&#8221;top_left&#8221; background_repeat=&#8221;repeat&#8221; custom_padding=&#8221;|||12px||&#8221; hover_enabled=&#8221;0&#8243; global_colors_info=&#8221;{}&#8221; sticky_enabled=&#8221;0&#8243;][et_pb_column type=&#8221;4_4&#8243; _builder_version=&#8221;4.16&#8243; custom_padding=&#8221;|||&#8221; global_colors_info=&#8221;{}&#8221; custom_padding__hover=&#8221;|||&#8221;][et_pb_text _builder_version=&#8221;4.18.0&#8243; background_size=&#8221;initial&#8221; background_position=&#8221;top_left&#8221; background_repeat=&#8221;repeat&#8221; global_colors_info=&#8221;{}&#8221;]<\/p>\n<p><strong><em><span style=\"font-size: x-large;\">Una vida con bienestar y sin inflamaci\u00f3n<\/span><\/em><\/strong><\/p>\n<p><span style=\"font-weight: 400;\">En un mundo lleno de distracciones, responsabilidades y rutinas aceleradas, el cuidado personal a menudo queda relegado a un segundo plano. Sin embargo, priorizar nuestra salud no solo transforma nuestro cuerpo, sino tambi\u00e9n nuestra mente y emociones. Hoy quiero invitarte a reflexionar sobre los beneficios de elegir el bienestar como estilo de vida, mientras te presento herramientas pr\u00e1cticas para que comiences este camino.<\/span><\/p>\n<p><b>\u00bfPor qu\u00e9 es importante desinflamar el cuerpo?<\/b><\/p>\n<p><span style=\"font-weight: 400;\">La inflamaci\u00f3n cr\u00f3nica es un enemigo silencioso que puede manifestarse de diversas formas: desde fatiga constante, hinchaz\u00f3n abdominal y dolor articular, hasta problemas m\u00e1s serios como enfermedades cardiovasculares, autoinmunes y metab\u00f3licas. Sin embargo, la buena noticia es que el cuerpo tiene una capacidad innata para sanar, siempre y cuando lo cuidemos adecuadamente.<\/span><\/p>\n<p><span style=\"font-weight: 400;\">Cuando adoptamos h\u00e1bitos que desinflaman nuestro cuerpo, los resultados son incre\u00edbles:<\/span><\/p>\n<ul>\n<li style=\"font-weight: 400;\" aria-level=\"1\"><b>M\u00e1s energ\u00eda<\/b><span style=\"font-weight: 400;\">: Despertarte con vitalidad y mantenerte activo durante todo el d\u00eda.<\/span><\/li>\n<li style=\"font-weight: 400;\" aria-level=\"1\"><b>Mejor digesti\u00f3n<\/b><span style=\"font-weight: 400;\">: Adi\u00f3s a la hinchaz\u00f3n y al malestar intestinal.<\/span><\/li>\n<li style=\"font-weight: 400;\" aria-level=\"1\"><b>Piel m\u00e1s radiante<\/b><span style=\"font-weight: 400;\">: Una alimentaci\u00f3n antiinflamatoria hace maravillas por tu piel.<\/span><\/li>\n<li style=\"font-weight: 400;\" aria-level=\"1\"><b>Estado de \u00e1nimo equilibrado<\/b><span style=\"font-weight: 400;\">: Mente clara y emociones estables.<\/span><\/li>\n<li style=\"font-weight: 400;\" aria-level=\"1\"><b>Prevenci\u00f3n de enfermedades<\/b><span style=\"font-weight: 400;\">: Cuidar tu cuerpo hoy es invertir en tu futuro.<\/span><\/li>\n<\/ul>\n<p><span style=\"font-weight: 400;\">Cuidarte no significa hacer cambios dr\u00e1sticos de la noche a la ma\u00f1ana. Comienza con peque\u00f1os h\u00e1bitos:<\/span><\/p>\n<ul>\n<li style=\"font-weight: 400;\" aria-level=\"1\"><span style=\"font-weight: 400;\">Prioriza <\/span><b>alimentos reales<\/b><span style=\"font-weight: 400;\">: Verduras frescas, frutas, prote\u00ednas de calidad y grasas saludables.<\/span><\/li>\n<li style=\"font-weight: 400;\" aria-level=\"1\"><span style=\"font-weight: 400;\">Mantente <\/span><b>hidratado<\/b><span style=\"font-weight: 400;\">: La hidrataci\u00f3n adecuada es clave para reducir toxinas.<\/span><\/li>\n<li style=\"font-weight: 400;\" aria-level=\"1\"><span style=\"font-weight: 400;\">Aprende a <\/span><b>manejar el estr\u00e9s<\/b><span style=\"font-weight: 400;\">: T\u00e9cnicas como la meditaci\u00f3n y la respiraci\u00f3n consciente pueden marcar la diferencia.<\/span><\/li>\n<li style=\"font-weight: 400;\" aria-level=\"1\"><b>Duerme bien<\/b><span style=\"font-weight: 400;\">: Tu cuerpo se regenera mientras descansas. No subestimes la importancia de un sue\u00f1o reparador.<\/span><\/li>\n<\/ul>\n<p><span style=\"font-weight: 400;\">Para acompa\u00f1arte en este viaje hacia el bienestar, he creado una serie de <\/span><b>ebooks exclusivos<\/b><span style=\"font-weight: 400;\"> que te ayudar\u00e1n a implementar cambios sostenibles en tu d\u00eda a d\u00eda, algunos son:<\/span><\/p>\n<ol>\n<li style=\"font-weight: 400;\" aria-level=\"1\"><b>&#8220;21 d\u00edas paratransformar tu salud y bienestar<\/b><\/li>\n<li style=\"font-weight: 400;\" aria-level=\"1\"><b>&#8220;Introducci\u00f3n a la dieta cetog\u00e9nica&#8221;<\/b><span style=\"font-weight: 400;\">: Aprende c\u00f3mo comer de manera consciente y estrat\u00e9gica para nutrir tu cuerpo y optimizar tu salud.<\/span><\/li>\n<li style=\"font-weight: 400;\" aria-level=\"1\"><b>&#8220;quema grasa y desinflamate&#8221;<\/b><span style=\"font-weight: 400;\">: T\u00e9cnicas pr\u00e1cticas para conectar con tu bienestar f\u00edsico y emocional.<\/span><\/li>\n<\/ol>\n<p><span style=\"font-weight: 400;\">Cada uno de estos ebooks est\u00e1 dise\u00f1ado para que puedas comenzar hoy mismo, sin complicaciones, con informaci\u00f3n basada en evidencia cient\u00edfica y un enfoque sencillo pero efectivo.<\/span><\/p>\n<p><span style=\"font-weight: 400;\">Te invito a dar el primer paso hacia una vida m\u00e1s plena y desinflamada. Descarga mis <\/span><b>ebooks o \u00fanete al grupo de bienestar <\/b><span style=\"font-weight: 400;\">y comienza este camino hacia tu mejor versi\u00f3n. Recuerda que cuidarte no es un lujo, es una necesidad.<\/span><\/p>\n<p>[\/et_pb_text][et_pb_button button_url=&#8221;https:\/\/czmedicinafuncional.com\/index.php\/contacto\/&#8221; button_text=&#8221;\u00bfCharlamos?&#8221; _builder_version=&#8221;4.18.0&#8243; _module_preset=&#8221;default&#8221; custom_button=&#8221;on&#8221; button_text_color=&#8221;#FFFFFF&#8221; button_bg_color=&#8221;#a6a07a&#8221; global_colors_info=&#8221;{}&#8221;][\/et_pb_button][\/et_pb_column][\/et_pb_row][\/et_pb_section]<\/p>\n","protected":false},"excerpt":{"rendered":"<p>Una vida con bienestar y sin inflamaci\u00f3n En un mundo lleno de distracciones, responsabilidades y rutinas aceleradas, el cuidado personal a menudo queda relegado a un segundo plano. Sin embargo, priorizar nuestra salud no solo transforma nuestro cuerpo, sino tambi\u00e9n nuestra mente y emociones. Hoy quiero invitarte a reflexionar sobre los beneficios de elegir el [&hellip;]<\/p>\n","protected":false},"author":1,"featured_media":0,"comment_status":"closed","ping_status":"open","sticky":false,"template":"","format":"standard","meta":{"_et_pb_use_builder":"on","_et_pb_old_content":"<p>[et_pb_section fb_built=\"1\" _builder_version=\"4.18.0\" _module_preset=\"default\" background_image=\"http:\/\/czmedicinafuncional.com\/wp-content\/uploads\/2024\/07\/4977226.jpg\" height=\"297px\" hover_enabled=\"0\" locked=\"off\" global_colors_info=\"{}\" sticky_enabled=\"0\" title_text=\"4977226\"][et_pb_row _builder_version=\"4.18.0\" _module_preset=\"default\" global_colors_info=\"{}\"][et_pb_column type=\"4_4\" _builder_version=\"4.18.0\" _module_preset=\"default\" global_colors_info=\"{}\"][\/et_pb_column][\/et_pb_row][\/et_pb_section][et_pb_section fb_built=\"1\" _builder_version=\"4.16\" custom_padding=\"61px|||||\" global_colors_info=\"{}\"][et_pb_row _builder_version=\"4.16\" background_size=\"initial\" background_position=\"top_left\" background_repeat=\"repeat\" custom_padding=\"|||12px||\" global_colors_info=\"{}\"][et_pb_column type=\"4_4\" _builder_version=\"4.16\" custom_padding=\"|||\" global_colors_info=\"{}\" custom_padding__hover=\"|||\"][et_pb_text _builder_version=\"4.18.0\" background_size=\"initial\" background_position=\"top_left\" background_repeat=\"repeat\" global_colors_info=\"{}\"]<\/p><p><b>Joe Dispenza, biodescodificaci\u00f3n y medicina, \u00bfqu\u00e9 camino elegir?<\/b><\/p><p><span style=\"font-weight: 400;\">Ayer vi el ultimo documental de Joe Dispenza SOURCE.<\/span><\/p><p><span style=\"font-weight: 400;\">\u00bfQu\u00e9 decir?<\/span><\/p><p><span style=\"font-weight: 400;\">Estamos tan acostumbrados de vernos como seres subordinados (v\u00edctimas a final de cuenta) de las circunstancias externas. Este nuevo paradigma, que muestra el Dr. Joe Dispenza en el documental, nos muestra que nosotros somos responsables de nuestras circunstancias y a las respuestas que damos al ambiente.\u00a0\u00a0<\/span><\/p><p><span style=\"font-weight: 400;\">La respuesta esta en nosotros para bien o para mal. Pero ya hoy, es moneda corriente hablar en cardiolog\u00eda como el estr\u00e9s ocasionado por las cuentas, el trabajo, la mala alimentaci\u00f3n impactan en nuestro sistema y desarrolla las diferentes enfermedades como hipertensi\u00f3n.<\/span><\/p><p><span style=\"font-weight: 400;\">Este modelo explicado sencillamente se puede extrapolar a cada patolog\u00eda de nuestro ser. Entonces si tenemos el poder de enfermarnos, \u00bfc\u00f3mo no vamos a tener el poder de sanarnos?<\/span><\/p><p><span style=\"font-weight: 400;\">No quiero con esto, negar las ciencias medicas de la que formo parte, pero si quiero resaltar esta posibilidad.<\/span><\/p><p><span style=\"font-weight: 400;\">Como somos seres hol\u00edsticos, prefiero y creo que lo ideal es una terapia conjunta, biodescodificando el s\u00edntoma, actualizando creencias, desinflamando el cuerpo con un estilo de vida saludable, y un acompa\u00f1amiento medico con su tratamiento a la par.\u00a0<\/span><\/p><p><strong><em>Me gustar\u00eda saber, y vos, \u00bfque pensas?<\/em><\/strong><\/p><p><span style=\"font-weight: 400;\">Dejame tu mensaje en las redes,\u00a0<\/span><\/p><p><span style=\"font-weight: 400;\">https:\/\/www.instagram.com\/lifestylemedicineandcoach\/<\/span><\/p><p><br style=\"font-weight: 400;\" \/><br style=\"font-weight: 400;\" \/><\/p><p>[\/et_pb_text][et_pb_button button_url=\"https:\/\/czmedicinafuncional.com\/index.php\/contacto\/\" button_text=\"\u00bfCharlamos?\" _builder_version=\"4.18.0\" _module_preset=\"default\" custom_button=\"on\" button_text_color=\"#FFFFFF\" button_bg_color=\"#a6a07a\" global_colors_info=\"{}\"][\/et_pb_button][\/et_pb_column][\/et_pb_row][\/et_pb_section]<\/p>","_et_gb_content_width":"","om_disable_all_campaigns":false,"_monsterinsights_skip_tracking":false,"_monsterinsights_sitenote_active":false,"_monsterinsights_sitenote_note":"","_monsterinsights_sitenote_category":0,"_uf_show_specific_survey":0,"_uf_disable_surveys":false,"footnotes":""},"categories":[1],"tags":[],"class_list":["post-747","post","type-post","status-publish","format-standard","hentry","category-sin-categoria"],"aioseo_notices":[],"_links":{"self":[{"href":"https:\/\/czmedicinafuncional.com\/index.php\/wp-json\/wp\/v2\/posts\/747","targetHints":{"allow":["GET"]}}],"collection":[{"href":"https:\/\/czmedicinafuncional.com\/index.php\/wp-json\/wp\/v2\/posts"}],"about":[{"href":"https:\/\/czmedicinafuncional.com\/index.php\/wp-json\/wp\/v2\/types\/post"}],"author":[{"embeddable":true,"href":"https:\/\/czmedicinafuncional.com\/index.php\/wp-json\/wp\/v2\/users\/1"}],"replies":[{"embeddable":true,"href":"https:\/\/czmedicinafuncional.com\/index.php\/wp-json\/wp\/v2\/comments?post=747"}],"version-history":[{"count":2,"href":"https:\/\/czmedicinafuncional.com\/index.php\/wp-json\/wp\/v2\/posts\/747\/revisions"}],"predecessor-version":[{"id":751,"href":"https:\/\/czmedicinafuncional.com\/index.php\/wp-json\/wp\/v2\/posts\/747\/revisions\/751"}],"wp:attachment":[{"href":"https:\/\/czmedicinafuncional.com\/index.php\/wp-json\/wp\/v2\/media?parent=747"}],"wp:term":[{"taxonomy":"category","embeddable":true,"href":"https:\/\/czmedicinafuncional.com\/index.php\/wp-json\/wp\/v2\/categories?post=747"},{"taxonomy":"post_tag","embeddable":true,"href":"https:\/\/czmedicinafuncional.com\/index.php\/wp-json\/wp\/v2\/tags?post=747"}],"curies":[{"name":"wp","href":"https:\/\/api.w.org\/{rel}","templated":true}]}}