{"id":622,"date":"2024-07-01T10:32:12","date_gmt":"2024-07-01T13:32:12","guid":{"rendered":"https:\/\/czmedicinafuncional.com\/?p=622"},"modified":"2024-07-01T10:32:19","modified_gmt":"2024-07-01T13:32:19","slug":"biodescodificacion","status":"publish","type":"post","link":"https:\/\/czmedicinafuncional.com\/index.php\/2024\/07\/01\/biodescodificacion\/","title":{"rendered":"Biodescodificaci\u00f3n y Medicina"},"content":{"rendered":"<p>[et_pb_section fb_built=&#8221;1&#8243; _builder_version=&#8221;4.18.0&#8243; _module_preset=&#8221;default&#8221; background_image=&#8221;http:\/\/czmedicinafuncional.com\/wp-content\/uploads\/2024\/07\/4977226.jpg&#8221; height=&#8221;297px&#8221; hover_enabled=&#8221;0&#8243; locked=&#8221;off&#8221; global_colors_info=&#8221;{}&#8221; sticky_enabled=&#8221;0&#8243; title_text=&#8221;4977226&#8243;][et_pb_row _builder_version=&#8221;4.18.0&#8243; _module_preset=&#8221;default&#8221; global_colors_info=&#8221;{}&#8221;][et_pb_column type=&#8221;4_4&#8243; _builder_version=&#8221;4.18.0&#8243; _module_preset=&#8221;default&#8221; global_colors_info=&#8221;{}&#8221;][\/et_pb_column][\/et_pb_row][\/et_pb_section][et_pb_section fb_built=&#8221;1&#8243; _builder_version=&#8221;4.16&#8243; custom_padding=&#8221;61px|||||&#8221; global_colors_info=&#8221;{}&#8221;][et_pb_row _builder_version=&#8221;4.16&#8243; background_size=&#8221;initial&#8221; background_position=&#8221;top_left&#8221; background_repeat=&#8221;repeat&#8221; custom_padding=&#8221;|||12px||&#8221; global_colors_info=&#8221;{}&#8221;][et_pb_column type=&#8221;4_4&#8243; _builder_version=&#8221;4.16&#8243; custom_padding=&#8221;|||&#8221; global_colors_info=&#8221;{}&#8221; custom_padding__hover=&#8221;|||&#8221;][et_pb_text _builder_version=&#8221;4.18.0&#8243; background_size=&#8221;initial&#8221; background_position=&#8221;top_left&#8221; background_repeat=&#8221;repeat&#8221; global_colors_info=&#8221;{}&#8221;]<\/p>\n<p><b>Joe Dispenza, biodescodificaci\u00f3n y medicina, \u00bfqu\u00e9 camino elegir?<\/b><\/p>\n<p><span style=\"font-weight: 400;\">Ayer vi el ultimo documental de Joe Dispenza SOURCE.<\/span><\/p>\n<p><span style=\"font-weight: 400;\">\u00bfQu\u00e9 decir?<\/span><\/p>\n<p><span style=\"font-weight: 400;\">Estamos tan acostumbrados de vernos como seres subordinados (v\u00edctimas a final de cuenta) de las circunstancias externas. Este nuevo paradigma, que muestra el Dr. Joe Dispenza en el documental, nos muestra que nosotros somos responsables de nuestras circunstancias y a las respuestas que damos al ambiente.\u00a0\u00a0<\/span><\/p>\n<p><span style=\"font-weight: 400;\">La respuesta esta en nosotros para bien o para mal. Pero ya hoy, es moneda corriente hablar en cardiolog\u00eda como el estr\u00e9s ocasionado por las cuentas, el trabajo, la mala alimentaci\u00f3n impactan en nuestro sistema y desarrolla las diferentes enfermedades como hipertensi\u00f3n.<\/span><\/p>\n<p><span style=\"font-weight: 400;\">Este modelo explicado sencillamente se puede extrapolar a cada patolog\u00eda de nuestro ser. Entonces si tenemos el poder de enfermarnos, \u00bfc\u00f3mo no vamos a tener el poder de sanarnos?<\/span><\/p>\n<p><span style=\"font-weight: 400;\">No quiero con esto, negar las ciencias medicas de la que formo parte, pero si quiero resaltar esta posibilidad.<\/span><\/p>\n<p><span style=\"font-weight: 400;\">Como somos seres hol\u00edsticos, prefiero y creo que lo ideal es una terapia conjunta, biodescodificando el s\u00edntoma, actualizando creencias, desinflamando el cuerpo con un estilo de vida saludable, y un acompa\u00f1amiento medico con su tratamiento a la par.\u00a0<\/span><\/p>\n<p><strong><em>Me gustar\u00eda saber, y vos, \u00bfque pensas?<\/em><\/strong><\/p>\n<p><span style=\"font-weight: 400;\">Dejame tu mensaje en las redes,\u00a0<\/span><\/p>\n<p><span style=\"font-weight: 400;\">https:\/\/www.instagram.com\/lifestylemedicineandcoach\/<\/span><\/p>\n<p><br style=\"font-weight: 400;\" \/><br style=\"font-weight: 400;\" \/><\/p>\n<p>[\/et_pb_text][et_pb_button button_url=&#8221;https:\/\/czmedicinafuncional.com\/index.php\/contacto\/&#8221; button_text=&#8221;\u00bfCharlamos?&#8221; _builder_version=&#8221;4.18.0&#8243; _module_preset=&#8221;default&#8221; custom_button=&#8221;on&#8221; button_text_color=&#8221;#FFFFFF&#8221; button_bg_color=&#8221;#a6a07a&#8221; global_colors_info=&#8221;{}&#8221;][\/et_pb_button][\/et_pb_column][\/et_pb_row][\/et_pb_section]<\/p>\n","protected":false},"excerpt":{"rendered":"<p>Joe Dispenza, biodescodificaci\u00f3n y medicina, \u00bfqu\u00e9 camino elegir? Ayer vi el ultimo documental de Joe Dispenza SOURCE. \u00bfQu\u00e9 decir? Estamos tan acostumbrados de vernos como seres subordinados (v\u00edctimas a final de cuenta) de las circunstancias externas. Este nuevo paradigma, que muestra el Dr. Joe Dispenza en el documental, nos muestra que nosotros somos responsables de [&hellip;]<\/p>\n","protected":false},"author":1,"featured_media":0,"comment_status":"closed","ping_status":"open","sticky":false,"template":"","format":"standard","meta":{"_et_pb_use_builder":"on","_et_pb_old_content":"<p>[et_pb_section fb_built=\"1\" _builder_version=\"4.18.0\" _module_preset=\"default\" background_image=\"http:\/\/czmedicinafuncional.com\/wp-content\/uploads\/2024\/05\/Screen-Shot-2024-05-31-at-12.12.40.png\" height=\"297px\" hover_enabled=\"0\" locked=\"off\" global_colors_info=\"{}\" sticky_enabled=\"0\" title_text=\"Screen Shot 2024-05-31 at 12.12.40\"][et_pb_row _builder_version=\"4.18.0\" _module_preset=\"default\" global_colors_info=\"{}\"][et_pb_column type=\"4_4\" _builder_version=\"4.18.0\" _module_preset=\"default\" global_colors_info=\"{}\"][\/et_pb_column][\/et_pb_row][\/et_pb_section][et_pb_section fb_built=\"1\" _builder_version=\"4.16\" custom_padding=\"61px|||||\" global_colors_info=\"{}\"][et_pb_row _builder_version=\"4.16\" background_size=\"initial\" background_position=\"top_left\" background_repeat=\"repeat\" custom_padding=\"|||12px||\" global_colors_info=\"{}\"][et_pb_column type=\"4_4\" _builder_version=\"4.16\" custom_padding=\"|||\" global_colors_info=\"{}\" custom_padding__hover=\"|||\"][et_pb_text _builder_version=\"4.18.0\" background_size=\"initial\" background_position=\"top_left\" background_repeat=\"repeat\" hover_enabled=\"0\" global_colors_info=\"{}\" sticky_enabled=\"0\"]<\/p><p><span style=\"font-weight: 400;\">La din\u00e1mica de Pausas Activas consiste en una serie de ejercicios livianos que previenen y alivian tensiones musculares. Se brindan pautas para una postura ergon\u00f3mica y ejercicios de elongaci\u00f3n.<\/span><\/p><p><span style=\"font-weight: 400;\">Se trabaja con ejercicios de movilidad buscando sacar tensiones y contracturas y mejorando la postura corporal. Los ejercicios son variados. Se siguen secuencias dise\u00f1adas para trabajar el cuerpo equilibradamente.<\/span><\/p><p><span style=\"font-weight: 400;\">La falta de movimiento durante largas horas frente al ordenador o por mirar tele, puede provocar dolencias musculares, estr\u00e9s y fatiga mental, lo que a su vez puede\u00a0<\/span><b>disminuir la productividad<\/b><span style=\"font-weight: 400;\">, pero m\u00e1s all\u00e1 de esto es que es <\/span><b>nocivo para nuestra salud estar quietos tanto tiempo<\/b><span style=\"font-weight: 400;\">.\u00a0<\/span><\/p><p><b>Las pausas activas son breves interrupciones<\/b><span style=\"font-weight: 400;\">.<\/span><\/p><p><span style=\"font-weight: 400;\">Entre sus beneficios, est\u00e1 que <\/span><b>reducen el riesgo de enfermedades cardiovasculares, mejoran la capacidad.<\/b><\/p><p><b>Tipos de pausas activas:<\/b><\/p><p><span style=\"font-weight: 400;\">Existen\u00a0<\/span><b>distintos tipos de pausas activas que pueden ser llevadas a cabo individualmente o en grupo<\/b><span style=\"font-weight: 400;\">. Sin embargo, a la hora de ponerlas en pr\u00e1ctica, es importante que cada persona las adapte a sus necesidades y posibilidades, ya que su objetivo principal es fomentar una cultura de bienestar y salud.<\/span><\/p><p><span style=\"font-weight: 400;\">Entre los\u00a0<\/span><b>principales tipos de pausas activas en el trabajo<\/b><span style=\"font-weight: 400;\">\u00a0se encuentran:<\/span><\/p><ul><li style=\"font-weight: 400;\" aria-level=\"1\"><b>Ejercicios de respiraci\u00f3n:\u00a0<\/b><span style=\"font-weight: 400;\">consisten en t\u00e9cnicas de inhalaci\u00f3n y exhalaci\u00f3n que ayudan a relajarse y mejorar la concentraci\u00f3n. Estos resultan \u00fatiles para disminuir el estr\u00e9s.<\/span><\/li><li style=\"font-weight: 400;\" aria-level=\"1\"><b>Estiramientos:\u00a0<\/b><span style=\"font-weight: 400;\">son movimientos suaves que permiten mejorar la flexibilidad muscular y reducir la tensi\u00f3n acumulada. Se pueden realizar sentado o de pie, y abarcan distintas partes del cuerpo como el cuello, los brazos, la espalda y las piernas.<\/span><\/li><li style=\"font-weight: 400;\" aria-level=\"1\"><b>Paseos cortos:\u00a0<\/b><span style=\"font-weight: 400;\">caminar por unos minutos ayuda a despejar la mente y mejorar la circulaci\u00f3n sangu\u00ednea.\u00a0<\/span><\/li><li style=\"font-weight: 400;\" aria-level=\"1\"><b>Actividades de relajaci\u00f3n:\u00a0<\/b><span style=\"font-weight: 400;\">incluyen t\u00e9cnicas como la meditaci\u00f3n, el\u00a0<\/span><i><span style=\"font-weight: 400;\">mindfulness,\u00a0<\/span><\/i><span style=\"font-weight: 400;\">la visualizaci\u00f3n, o la relajaci\u00f3n muscular progresiva, que permiten reducir la ansiedad, el estr\u00e9s y, adem\u00e1s, mejorar la calidad del sue\u00f1o.<\/span><\/li><\/ul><p>\u00a0<\/p><p><b>Importancia y beneficios de las pausas activas<\/b><\/p><p><b>Los beneficios de las pausas activas son numerosos<\/b><span style=\"font-weight: 400;\">. Al hacer pausas regulares se evita el sedentarismo y se promueve la actividad f\u00edsica y mental, lo que favorece la salud y el bienestar.<\/span><\/p><p><span style=\"font-weight: 400;\">Adem\u00e1s de reducir el estr\u00e9s y la fatiga, mejoran la circulaci\u00f3n sangu\u00ednea, disminuyen los dolores musculares, previenen lesiones y mejoran la concentraci\u00f3n y la motivaci\u00f3n. Asimismo, realizar pausas activas y poder desconectar durante algunos minutos, hace que estas sean una buena estrategia para\u00a0<\/span><b>fomentar<\/b><span style=\"font-weight: 400;\">\u00a0<\/span><b>la creatividad, y el bienestar<\/b><\/p><p><b>\u00bfC\u00f3mo incorporar las pausas activas?<\/b><\/p><p><span style=\"font-weight: 400;\">Primero ante todo, quiero dejar en claro que las pausas activas <\/span><span style=\"font-weight: 400;\">no es solo para el horario laboral<\/span><span style=\"font-weight: 400;\">, si estas en casa y estas mucho tiempo sentado o quieto tambi\u00e9n son necesarias.\u00a0<\/span><\/p><p><span style=\"font-weight: 400;\">Una de las<\/span><b>\u00a0formas m\u00e1s efectivas de incorporar las pausas activas en el trabajo<\/b><span style=\"font-weight: 400;\">\u00a0es establecer un horario, previamente planificado, para realizarlas. En casa, si sabes que vas a estar mirando una serie, una buena forma es cuando termina el capitulo; o si estas trabajando en casa, ponerte el tiempo cada 45 minutos.\u00a0<\/span><\/p><p><span style=\"font-weight: 400;\">Si te gust\u00f3 este articulo del blog, no dudes en compartirlo.<\/span><\/p><p><br style=\"font-weight: 400;\" \/><br style=\"font-weight: 400;\" \/><\/p><p>[\/et_pb_text][et_pb_button button_url=\"https:\/\/czmedicinafuncional.com\/index.php\/contacto\/\" button_text=\"\u00bfCharlamos?\" _builder_version=\"4.18.0\" _module_preset=\"default\" custom_button=\"on\" button_text_color=\"#FFFFFF\" button_bg_color=\"#a6a07a\" global_colors_info=\"{}\"][\/et_pb_button][\/et_pb_column][\/et_pb_row][\/et_pb_section]<\/p>","_et_gb_content_width":"","om_disable_all_campaigns":false,"_monsterinsights_skip_tracking":false,"_monsterinsights_sitenote_active":false,"_monsterinsights_sitenote_note":"","_monsterinsights_sitenote_category":0,"_uf_show_specific_survey":0,"_uf_disable_surveys":false,"footnotes":""},"categories":[1],"tags":[],"class_list":["post-622","post","type-post","status-publish","format-standard","hentry","category-sin-categoria"],"aioseo_notices":[],"_links":{"self":[{"href":"https:\/\/czmedicinafuncional.com\/index.php\/wp-json\/wp\/v2\/posts\/622","targetHints":{"allow":["GET"]}}],"collection":[{"href":"https:\/\/czmedicinafuncional.com\/index.php\/wp-json\/wp\/v2\/posts"}],"about":[{"href":"https:\/\/czmedicinafuncional.com\/index.php\/wp-json\/wp\/v2\/types\/post"}],"author":[{"embeddable":true,"href":"https:\/\/czmedicinafuncional.com\/index.php\/wp-json\/wp\/v2\/users\/1"}],"replies":[{"embeddable":true,"href":"https:\/\/czmedicinafuncional.com\/index.php\/wp-json\/wp\/v2\/comments?post=622"}],"version-history":[{"count":2,"href":"https:\/\/czmedicinafuncional.com\/index.php\/wp-json\/wp\/v2\/posts\/622\/revisions"}],"predecessor-version":[{"id":626,"href":"https:\/\/czmedicinafuncional.com\/index.php\/wp-json\/wp\/v2\/posts\/622\/revisions\/626"}],"wp:attachment":[{"href":"https:\/\/czmedicinafuncional.com\/index.php\/wp-json\/wp\/v2\/media?parent=622"}],"wp:term":[{"taxonomy":"category","embeddable":true,"href":"https:\/\/czmedicinafuncional.com\/index.php\/wp-json\/wp\/v2\/categories?post=622"},{"taxonomy":"post_tag","embeddable":true,"href":"https:\/\/czmedicinafuncional.com\/index.php\/wp-json\/wp\/v2\/tags?post=622"}],"curies":[{"name":"wp","href":"https:\/\/api.w.org\/{rel}","templated":true}]}}