{"id":589,"date":"2024-04-28T14:54:49","date_gmt":"2024-04-28T17:54:49","guid":{"rendered":"https:\/\/czmedicinafuncional.com\/?p=589"},"modified":"2024-04-28T14:55:05","modified_gmt":"2024-04-28T17:55:05","slug":"comidahijos","status":"publish","type":"post","link":"https:\/\/czmedicinafuncional.com\/index.php\/2024\/04\/28\/comidahijos\/","title":{"rendered":"\u00bfQu\u00e9 le damos de comer a nuestros hijos?"},"content":{"rendered":"<p>[et_pb_section fb_built=&#8221;1&#8243; _builder_version=&#8221;4.18.0&#8243; _module_preset=&#8221;default&#8221; background_image=&#8221;http:\/\/czmedicinafuncional.com\/wp-content\/uploads\/2024\/04\/9398.jpg&#8221; height=&#8221;297px&#8221; locked=&#8221;off&#8221; global_colors_info=&#8221;{}&#8221;][et_pb_row _builder_version=&#8221;4.18.0&#8243; _module_preset=&#8221;default&#8221; global_colors_info=&#8221;{}&#8221;][et_pb_column type=&#8221;4_4&#8243; _builder_version=&#8221;4.18.0&#8243; _module_preset=&#8221;default&#8221; global_colors_info=&#8221;{}&#8221;][\/et_pb_column][\/et_pb_row][\/et_pb_section][et_pb_section fb_built=&#8221;1&#8243; _builder_version=&#8221;4.16&#8243; custom_padding=&#8221;61px|||||&#8221; global_colors_info=&#8221;{}&#8221;][et_pb_row _builder_version=&#8221;4.16&#8243; background_size=&#8221;initial&#8221; background_position=&#8221;top_left&#8221; background_repeat=&#8221;repeat&#8221; custom_padding=&#8221;|||12px||&#8221; global_colors_info=&#8221;{}&#8221;][et_pb_column type=&#8221;4_4&#8243; _builder_version=&#8221;4.16&#8243; custom_padding=&#8221;|||&#8221; global_colors_info=&#8221;{}&#8221; custom_padding__hover=&#8221;|||&#8221;][et_pb_text _builder_version=&#8221;4.18.0&#8243; background_size=&#8221;initial&#8221; background_position=&#8221;top_left&#8221; background_repeat=&#8221;repeat&#8221; global_colors_info=&#8221;{}&#8221;]<\/p>\n<p><span style=\"font-weight: 400;\">Alimentarse en forma saludable significa comer una variedad de alimentos, que incluye desde las temidos carbohidratos, hasta las vitaminas y minerales.<\/span><\/p>\n<p><span style=\"font-weight: 400;\">Quiero diferenciar esto, porque a veces los chicos est\u00e1n bien comidos, pero no bien nutridos.<\/span><\/p>\n<p><span style=\"font-weight: 400;\">Los beb\u00e9s lloran para hacernos saber que tienen hambre. Cuando est\u00e1n llenos, dejan de comer. Las cosas se complican a los 2 o 3 a\u00f1os cuando los ni\u00f1os comienzan a preferir el sabor de ciertos alimentos, a rechazar el sabor de otros alimentos y a tener mucha variabilidad en cu\u00e1nta hambre sienten.\u00a0<\/span><\/p>\n<p><span style=\"font-weight: 400;\">Pero aun entonces, lo mejor suele ser darles acceso solamente a alimentos saludables y permitirles decidir cu\u00e1nto comer.<\/span><\/p>\n<p><span style=\"font-weight: 400;\">Considero que en etapas tempranas la ense\u00f1anza viene desde el hogar y el ejemplo, no es \u00fatil que le demos brocoli a nuestro hijo y nosotros comamos una pizza. Por eso quiero poner \u00e9nfasis en educar desde casa, buscando platos ricos y nutritivos con variedad de colores y texturas.\u00a0<\/span><\/p>\n<p><span style=\"font-weight: 400;\">Puede ayudar a apoyar los h\u00e1bitos alimentarios saludables de su hijo de la siguiente manera:<\/span><\/p>\n<ul>\n<li style=\"font-weight: 400;\" aria-level=\"1\"><span style=\"font-weight: 400;\">Coman juntos en familia con la mayor frecuencia posible. Haga de las comidas en familia un momento agradable y positivo.<\/span><\/li>\n<li style=\"font-weight: 400;\" aria-level=\"1\"><span style=\"font-weight: 400;\">Elija alimentos saludables para las comidas de su familia. Los ni\u00f1os notan las selecciones que usted hace y siguen su ejemplo.<\/span><\/li>\n<li style=\"font-weight: 400;\" aria-level=\"1\"><span style=\"font-weight: 400;\">Haga que las horas para comer sean bastante previsibles. Coma aproximadamente a la misma hora todos los d\u00edas y siempre en la mesa, aun para refrigerios.<\/span><\/li>\n<li style=\"font-weight: 400;\" aria-level=\"1\"><span style=\"font-weight: 400;\">Fuera de hablar y disfrutar el tiempo juntos, no haga nada m\u00e1s durante las comidas: sin televisi\u00f3n ni otras distracciones.<\/span><\/li>\n<\/ul>\n<p><span style=\"font-weight: 400;\">Aqu\u00ed hay otras maneras en que usted puede ayudar a su hijo a mantenerse saludable:<\/span><\/p>\n<ul>\n<li style=\"font-weight: 400;\" aria-level=\"1\"><span style=\"font-weight: 400;\">Establezca l\u00edmites a su hijo de tiempo diario de televisi\u00f3n y computadora.<\/span><\/li>\n<li style=\"font-weight: 400;\" aria-level=\"1\"><span style=\"font-weight: 400;\">Haga que la actividad f\u00edsica sea parte de la vida diaria de su familia. Por ejemplo, lleve a su hijo caminando ida y vuelta a la escuela y salgan a caminar despu\u00e9s de cenar.\u00a0<\/span><\/li>\n<\/ul>\n<p><strong><em>La buena alimentaci\u00f3n es importante ya que de esto depende el sistema inmunitario de nuestros hijos, la posibilidad de desarrollar enfermedades o incluso s\u00edndrome metab\u00f3lico en ni\u00f1os. Es por esto que te invito que hagas un plan de alimentaci\u00f3n variado, rico y nutritivo para la familia y como siempre les digo si necesitan ayuda no duden en contactarme.<\/em><\/strong><\/p>\n<p>&nbsp;<\/p>\n<p>[\/et_pb_text][et_pb_button button_url=&#8221;https:\/\/czmedicinafuncional.com\/index.php\/contacto\/&#8221; button_text=&#8221;\u00bfCharlamos?&#8221; _builder_version=&#8221;4.18.0&#8243; _module_preset=&#8221;default&#8221; custom_button=&#8221;on&#8221; button_text_color=&#8221;#FFFFFF&#8221; button_bg_color=&#8221;#a6a07a&#8221; global_colors_info=&#8221;{}&#8221;][\/et_pb_button][\/et_pb_column][\/et_pb_row][\/et_pb_section]<\/p>\n","protected":false},"excerpt":{"rendered":"<p>Alimentarse en forma saludable significa comer una variedad de alimentos, que incluye desde las temidos carbohidratos, hasta las vitaminas y minerales. Quiero diferenciar esto, porque a veces los chicos est\u00e1n bien comidos, pero no bien nutridos. Los beb\u00e9s lloran para hacernos saber que tienen hambre. Cuando est\u00e1n llenos, dejan de comer. Las cosas se complican [&hellip;]<\/p>\n","protected":false},"author":1,"featured_media":0,"comment_status":"closed","ping_status":"open","sticky":false,"template":"","format":"standard","meta":{"_et_pb_use_builder":"on","_et_pb_old_content":"<p>[et_pb_section fb_built=\"1\" _builder_version=\"4.18.0\" _module_preset=\"default\" background_image=\"http:\/\/czmedicinafuncional.com\/wp-content\/uploads\/2024\/04\/i-wish-this-moment-could-stay-forever-scaled.jpg\" height=\"297px\" hover_enabled=\"0\" locked=\"off\" global_colors_info=\"{}\" sticky_enabled=\"0\" title_text=\"I wish this moment could stay forever\"][et_pb_row _builder_version=\"4.18.0\" _module_preset=\"default\" global_colors_info=\"{}\"][et_pb_column type=\"4_4\" _builder_version=\"4.18.0\" _module_preset=\"default\" global_colors_info=\"{}\"][\/et_pb_column][\/et_pb_row][\/et_pb_section][et_pb_section fb_built=\"1\" _builder_version=\"4.16\" custom_padding=\"61px|||||\" global_colors_info=\"{}\"][et_pb_row _builder_version=\"4.16\" background_size=\"initial\" background_position=\"top_left\" background_repeat=\"repeat\" custom_padding=\"|||12px||\" global_colors_info=\"{}\"][et_pb_column type=\"4_4\" _builder_version=\"4.16\" custom_padding=\"|||\" global_colors_info=\"{}\" custom_padding__hover=\"|||\"][et_pb_text _builder_version=\"4.18.0\" background_size=\"initial\" background_position=\"top_left\" background_repeat=\"repeat\" global_colors_info=\"{}\"]<\/p><p><strong><em>En lo que es bienestar, el descanso, comenz\u00f3 por suerte a tener un papel predominante.\u00a0<\/em><\/strong><\/p><p><span style=\"font-weight: 400;\">El sue\u00f1o insuficiente o desordenado se asocia con enfermedades graves, morbilidad, y mortalidad.<\/span><\/p><p><span style=\"font-weight: 400;\">Adem\u00e1s, un dormir insuficiente se relaciona a estar fatigado y a la niebla mental, entre algunos efectos adversos.<\/span><\/p><p><span style=\"font-weight: 400;\">La perspectiva del sue\u00f1o como medicina preventiva se ve reforzada al apreciar su impacto bidireccional: la falta de sue\u00f1o aumenta el riesgo de enfermedad y dolencia, as\u00ed como a la inversa, enfermedad y las enfermedades interrumpen el sue\u00f1o. Esto a menudo crea un c\u00edrculo vicioso.<\/span><\/p><p><span style=\"font-weight: 400;\">El sue\u00f1o mejora el aprendizaje, la memoria y el estado de \u00e1nimo, ayuda a reparar el organismo, a eliminar toxinas, es beneficioso para las defensas, entre otras cosas.<\/span><\/p><p><span style=\"font-weight: 400;\">Muchos me preguntan qu\u00e9 cantidad de sue\u00f1o es necesaria. El sue\u00f1o \u00f3ptimo para un individuo var\u00eda de persona a persona y durante su vida. Adem\u00e1s, algunos adultos no encajan en las pautas para un sue\u00f1o \u00f3ptimo. Requerir m\u00e1s m\u00e1s de 9 horas de sue\u00f1o (ser un \u201cdormir largo\u201d) o necesitar menos de 6 horas (ser alguien que \u201cduerme poco\u201d) no diagnostica reflexivamente a un individuo con un trastorno del sue\u00f1o.\u00a0<\/span><\/p><p><span style=\"font-weight: 400;\">Lo que quiero dejarte hoy es una gu\u00eda, que es la misma que uso con mis pacientes para que a la hora de dormir, puedas llevar una rutina.<\/span><\/p><p><span style=\"font-weight: 400;\">Algunas de las recomendaciones son<\/span><\/p><ul><li style=\"font-weight: 400;\" aria-level=\"1\"><span style=\"font-weight: 400;\">Establecer una rutina, acostarte y levantarte siempre a un mismo horario.<\/span><\/li><li style=\"font-weight: 400;\" aria-level=\"1\"><span style=\"font-weight: 400;\">1 hs previa a dormir hacer actividades relajantes<\/span><\/li><li style=\"font-weight: 400;\" aria-level=\"1\"><span style=\"font-weight: 400;\">Control del caf\u00e9 o de bebidas energ\u00e9ticas previo a acostarse<\/span><\/li><li style=\"font-weight: 400;\" aria-level=\"1\"><span style=\"font-weight: 400;\">Terminar de cenar al menos 2 hs antes de acostarse<\/span><\/li><\/ul><p><strong><em>Si consideras que podes estar pasando por una alteraci\u00f3n del sue\u00f1o, no dudes en consultar con un m\u00e9dico o incluso te dejo aqu\u00ed el link para que saques una consulta conmigo<\/em> <\/strong><a href=\"https:\/\/czmedicinafuncional.com\/index.php\/medicinaorthomolecular\/\"><span style=\"font-weight: 400;\">https:\/\/czmedicinafuncional.com\/index.php\/medicinaorthomolecular\/<\/span><\/a><\/p><p>\u00a0<\/p><p>[\/et_pb_text][et_pb_button button_url=\"https:\/\/czmedicinafuncional.com\/index.php\/contacto\/\" button_text=\"\u00bfCharlamos?\" _builder_version=\"4.18.0\" _module_preset=\"default\" custom_button=\"on\" button_text_color=\"#FFFFFF\" button_bg_color=\"#a6a07a\" global_colors_info=\"{}\"][\/et_pb_button][\/et_pb_column][\/et_pb_row][\/et_pb_section]<\/p>","_et_gb_content_width":"","om_disable_all_campaigns":false,"_monsterinsights_skip_tracking":false,"_monsterinsights_sitenote_active":false,"_monsterinsights_sitenote_note":"","_monsterinsights_sitenote_category":0,"_uf_show_specific_survey":0,"_uf_disable_surveys":false,"footnotes":""},"categories":[1],"tags":[],"class_list":["post-589","post","type-post","status-publish","format-standard","hentry","category-sin-categoria"],"aioseo_notices":[],"_links":{"self":[{"href":"https:\/\/czmedicinafuncional.com\/index.php\/wp-json\/wp\/v2\/posts\/589","targetHints":{"allow":["GET"]}}],"collection":[{"href":"https:\/\/czmedicinafuncional.com\/index.php\/wp-json\/wp\/v2\/posts"}],"about":[{"href":"https:\/\/czmedicinafuncional.com\/index.php\/wp-json\/wp\/v2\/types\/post"}],"author":[{"embeddable":true,"href":"https:\/\/czmedicinafuncional.com\/index.php\/wp-json\/wp\/v2\/users\/1"}],"replies":[{"embeddable":true,"href":"https:\/\/czmedicinafuncional.com\/index.php\/wp-json\/wp\/v2\/comments?post=589"}],"version-history":[{"count":4,"href":"https:\/\/czmedicinafuncional.com\/index.php\/wp-json\/wp\/v2\/posts\/589\/revisions"}],"predecessor-version":[{"id":595,"href":"https:\/\/czmedicinafuncional.com\/index.php\/wp-json\/wp\/v2\/posts\/589\/revisions\/595"}],"wp:attachment":[{"href":"https:\/\/czmedicinafuncional.com\/index.php\/wp-json\/wp\/v2\/media?parent=589"}],"wp:term":[{"taxonomy":"category","embeddable":true,"href":"https:\/\/czmedicinafuncional.com\/index.php\/wp-json\/wp\/v2\/categories?post=589"},{"taxonomy":"post_tag","embeddable":true,"href":"https:\/\/czmedicinafuncional.com\/index.php\/wp-json\/wp\/v2\/tags?post=589"}],"curies":[{"name":"wp","href":"https:\/\/api.w.org\/{rel}","templated":true}]}}