{"id":572,"date":"2024-03-01T16:36:40","date_gmt":"2024-03-01T19:36:40","guid":{"rendered":"https:\/\/czmedicinafuncional.com\/?p=572"},"modified":"2024-03-01T16:36:40","modified_gmt":"2024-03-01T19:36:40","slug":"apagar","status":"publish","type":"post","link":"https:\/\/czmedicinafuncional.com\/index.php\/2024\/03\/01\/apagar\/","title":{"rendered":"APAGAR LA RADIO DE NUESTRA CABEZA\u2026"},"content":{"rendered":"<p>[et_pb_section fb_built=&#8221;1&#8243; _builder_version=&#8221;4.18.0&#8243; _module_preset=&#8221;default&#8221; background_image=&#8221;http:\/\/czmedicinafuncional.com\/wp-content\/uploads\/2024\/03\/2148897881.jpg&#8221; height=&#8221;297px&#8221; hover_enabled=&#8221;0&#8243; locked=&#8221;off&#8221; global_colors_info=&#8221;{}&#8221; sticky_enabled=&#8221;0&#8243; title_text=&#8221;2148897881&#8243;][et_pb_row _builder_version=&#8221;4.18.0&#8243; _module_preset=&#8221;default&#8221; global_colors_info=&#8221;{}&#8221;][et_pb_column type=&#8221;4_4&#8243; _builder_version=&#8221;4.18.0&#8243; _module_preset=&#8221;default&#8221; global_colors_info=&#8221;{}&#8221;][\/et_pb_column][\/et_pb_row][\/et_pb_section][et_pb_section fb_built=&#8221;1&#8243; _builder_version=&#8221;4.16&#8243; custom_padding=&#8221;61px|||||&#8221; global_colors_info=&#8221;{}&#8221;][et_pb_row _builder_version=&#8221;4.16&#8243; background_size=&#8221;initial&#8221; background_position=&#8221;top_left&#8221; background_repeat=&#8221;repeat&#8221; custom_padding=&#8221;|||12px||&#8221; global_colors_info=&#8221;{}&#8221;][et_pb_column type=&#8221;4_4&#8243; _builder_version=&#8221;4.16&#8243; custom_padding=&#8221;|||&#8221; global_colors_info=&#8221;{}&#8221; custom_padding__hover=&#8221;|||&#8221;][et_pb_text _builder_version=&#8221;4.18.0&#8243; background_size=&#8221;initial&#8221; background_position=&#8221;top_left&#8221; background_repeat=&#8221;repeat&#8221; global_colors_info=&#8221;{}&#8221;]<\/p>\n<p><strong><em>No s\u00e9 cu\u00e1l es la banda sonora que aparece en tu cabeza cada vez que quieres hacer algo y te saboteas.<\/em><\/strong><\/p>\n<p><span style=\"font-weight: 400;\">Pero he rescatado algunas frases que escucho una y otra vez y en las que podr\u00edas verte reflejada\/o.\u00a0Algunas son: \u201cno soy suficiente\u201d, \u201cnadie me quiere\u201d, \u201csiempre me enga\u00f1an\u201d, \u201cestoy gorda\/o\u201d, \u201cmira esta arruga\u201d, etc<\/span><\/p>\n<p><span style=\"font-weight: 400;\">A veces no somos conscientes de c\u00f3mo nos hablamos, de qu\u00e9 nos decimos, de qu\u00e9 ocurre en nuestro di\u00e1logo interno (y externo).\u00a0Mucho menos consciente somos de como puede afectar a nuestras c\u00e9lulas.<\/span><\/p>\n<p><span style=\"font-weight: 400;\">Y no es ninguna sorpresa que el lenguaje tiene una influencia enorme en nuestras decisiones y acciones diarias. Que la forma en que nos hablamos tiene un impacto profundo en nuestra salud f\u00edsica, mental y emocional.<\/span><\/p>\n<p><span style=\"font-weight: 400;\">La buena noticia, es que est\u00e1 en nuestras manos cultivar un lenguaje nuevo, reprogramarnos. Y como las palabras evocan realidades., hoy vamos a identificarlas para empezar a utilizar el lenguaje a nuestro favor.<\/span><\/p>\n<p><span style=\"font-weight: 400;\">Un ejemplo muy com\u00fan es el \u201c<\/span><i><span style=\"font-weight: 400;\">pero<\/span><\/i><i><span style=\"font-weight: 400;\">\u201d<\/span><\/i><span style=\"font-weight: 400;\"> porque denota que algo negativo esta por llegar, lo ideal es reemplazarlo por un conector, ejemplo <\/span><i><span style=\"font-weight: 400;\">\u201cy<\/span><\/i><i><span style=\"font-weight: 400;\">\u201d<\/span><\/i><span style=\"font-weight: 400;\">. Otro ejemplo muy com\u00fan es decir voy a <\/span><i><span style=\"font-weight: 400;\">\u201cintentar\u201d,<\/span><\/i><span style=\"font-weight: 400;\"> ya habla de falla, que hay chances que no lo logremos, lo ideal es decir voy a hacer tal cosa, usar esta palabra.<\/span><\/p>\n<p><span style=\"font-weight: 400;\">A continuaci\u00f3n les detallo otros ejemplos: \u201cno puedo\u201d, \u201ctengo que\u201d, \u201ctal vez\u201d.<\/span><\/p>\n<p><span style=\"font-weight: 400;\">Tambi\u00e9n una buena herramienta es hacer coaching, escribir, escuchar audios para reprogramarnos, o simplemente ser consciente de lo que nos decimos y comenzar a valorarnos, mimarnos.\u00a0<\/span><\/p>\n<p><span style=\"font-weight: 400;\">Este es mi segundo reto para este a\u00f1o, que comiences a valorarte, quererte y tratarte mejor.<\/span><\/p>\n<p><strong><em>Y si necesitas ayuda no dudes en consultarme a @lifestylemedicineandcoach<\/em><\/strong><\/p>\n<p><strong><em>www.lifestyemedicineandcoach.com<\/em><\/strong><\/p>\n<p><br style=\"font-weight: 400;\" \/><br style=\"font-weight: 400;\" \/><\/p>\n<p>[\/et_pb_text][et_pb_button button_url=&#8221;https:\/\/czmedicinafuncional.com\/index.php\/contacto\/&#8221; button_text=&#8221;\u00bfCharlamos?&#8221; _builder_version=&#8221;4.18.0&#8243; _module_preset=&#8221;default&#8221; custom_button=&#8221;on&#8221; button_text_color=&#8221;#FFFFFF&#8221; button_bg_color=&#8221;#a6a07a&#8221; global_colors_info=&#8221;{}&#8221;][\/et_pb_button][\/et_pb_column][\/et_pb_row][\/et_pb_section]<\/p>\n","protected":false},"excerpt":{"rendered":"<p>No s\u00e9 cu\u00e1l es la banda sonora que aparece en tu cabeza cada vez que quieres hacer algo y te saboteas. Pero he rescatado algunas frases que escucho una y otra vez y en las que podr\u00edas verte reflejada\/o.\u00a0Algunas son: \u201cno soy suficiente\u201d, \u201cnadie me quiere\u201d, \u201csiempre me enga\u00f1an\u201d, \u201cestoy gorda\/o\u201d, \u201cmira esta arruga\u201d, etc [&hellip;]<\/p>\n","protected":false},"author":1,"featured_media":0,"comment_status":"closed","ping_status":"open","sticky":false,"template":"","format":"standard","meta":{"_et_pb_use_builder":"on","_et_pb_old_content":"<p>[et_pb_section fb_built=\"1\" _builder_version=\"4.18.0\" _module_preset=\"default\" background_image=\"http:\/\/czmedicinafuncional.com\/wp-content\/uploads\/2023\/12\/bella-mujer-meditando-al-aire-libre.jpg\" height=\"297px\" hover_enabled=\"0\" locked=\"off\" global_colors_info=\"{}\" sticky_enabled=\"0\" title_text=\"bella-mujer-meditando-al-aire-libre\"][et_pb_row _builder_version=\"4.18.0\" _module_preset=\"default\" global_colors_info=\"{}\"][et_pb_column type=\"4_4\" _builder_version=\"4.18.0\" _module_preset=\"default\" global_colors_info=\"{}\"][\/et_pb_column][\/et_pb_row][\/et_pb_section][et_pb_section fb_built=\"1\" _builder_version=\"4.16\" custom_padding=\"61px|||||\" global_colors_info=\"{}\"][et_pb_row _builder_version=\"4.16\" background_size=\"initial\" background_position=\"top_left\" background_repeat=\"repeat\" custom_padding=\"|||12px||\" global_colors_info=\"{}\"][et_pb_column type=\"4_4\" _builder_version=\"4.16\" custom_padding=\"|||\" global_colors_info=\"{}\" custom_padding__hover=\"|||\"][et_pb_text _builder_version=\"4.18.0\" background_size=\"initial\" background_position=\"top_left\" background_repeat=\"repeat\" global_colors_info=\"{}\"]<\/p><p><span style=\"font-weight: 400;\">La Salud mental por definici\u00f3n es el estado de equilibrio que debe existir entre las personas y el entorno socio-cultural que los rodea, incluye el bienestar emocional, ps\u00edquico y social e influye en c\u00f3mo piensa, siente, act\u00faa y reacciona una persona ante momentos de estr\u00e9s.<\/span><\/p><p><span style=\"font-weight: 400;\">La salud mental es la base para el bienestar y funcionamiento efectivo de una persona y su comunidad.<\/span><\/p><p><span style=\"font-weight: 400;\">Ayuda a:<\/span><\/p><ul><li style=\"font-weight: 400;\" aria-level=\"1\"><span style=\"font-weight: 400;\">Enfrentar el estr\u00e9s de la vida<\/span><\/li><li style=\"font-weight: 400;\" aria-level=\"1\"><span style=\"font-weight: 400;\">Estar f\u00edsicamente saludable<\/span><\/li><li style=\"font-weight: 400;\" aria-level=\"1\"><span style=\"font-weight: 400;\">Mantener buenas relaciones<\/span><\/li><li style=\"font-weight: 400;\" aria-level=\"1\"><span style=\"font-weight: 400;\">Contribuir en forma significativa a la comunidad<\/span><\/li><li style=\"font-weight: 400;\" aria-level=\"1\"><span style=\"font-weight: 400;\">Trabajar productivamente<\/span><\/li><li style=\"font-weight: 400;\" aria-level=\"1\"><span style=\"font-weight: 400;\">Alcanzar su completo potencial<\/span><\/li><\/ul><p>\u00a0<\/p><p><span style=\"font-weight: 400;\">Pero sobre todo y lo m\u00e1s importante es estar en paz con uno mismo.\u00a0<\/span><\/p><p><span style=\"font-weight: 400;\">Para tener salud mental hay que trabajar y en forma ardua, tenemos que alimentarnos sanamente, hacer ejercicio, cultivar el agradecimiento, tener la mente ocupada, descansar en forma correcta, evaluar de que informaci\u00f3n y personas nos nutrimos, tener pensamientos positivos, tener metas y objetivos, emprender cosas nuevas, evitar exposici\u00f3n a t\u00f3xicos.<\/span><\/p><p><span style=\"font-weight: 400;\">Dicho as\u00ed parece tarea sencilla, pero es dif\u00edcil porque debemos reeducarnos, tambi\u00e9n deber\u00edamos evaluar nuestro estado metab\u00f3lico, para ver si debemos suplementarnos o eliminar metales pesados de nuestro organismo.<\/span><\/p><p><em><strong>Si quer\u00e9s saber en qu\u00e9 estado est\u00e1s, no dudes en sacar un turno y juntos podemos mejorar tu bienestar.\u00a0<\/strong><\/em><\/p><p><br style=\"font-weight: 400;\" \/><br style=\"font-weight: 400;\" \/><\/p><p>[\/et_pb_text][et_pb_button button_url=\"https:\/\/czmedicinafuncional.com\/index.php\/contacto\/\" button_text=\"\u00bfCharlamos?\" _builder_version=\"4.18.0\" _module_preset=\"default\" custom_button=\"on\" button_text_color=\"#FFFFFF\" button_bg_color=\"#a6a07a\" global_colors_info=\"{}\"][\/et_pb_button][\/et_pb_column][\/et_pb_row][\/et_pb_section]<\/p>","_et_gb_content_width":"","om_disable_all_campaigns":false,"_monsterinsights_skip_tracking":false,"_monsterinsights_sitenote_active":false,"_monsterinsights_sitenote_note":"","_monsterinsights_sitenote_category":0,"_uf_show_specific_survey":0,"_uf_disable_surveys":false,"footnotes":""},"categories":[1],"tags":[],"class_list":["post-572","post","type-post","status-publish","format-standard","hentry","category-sin-categoria"],"aioseo_notices":[],"_links":{"self":[{"href":"https:\/\/czmedicinafuncional.com\/index.php\/wp-json\/wp\/v2\/posts\/572","targetHints":{"allow":["GET"]}}],"collection":[{"href":"https:\/\/czmedicinafuncional.com\/index.php\/wp-json\/wp\/v2\/posts"}],"about":[{"href":"https:\/\/czmedicinafuncional.com\/index.php\/wp-json\/wp\/v2\/types\/post"}],"author":[{"embeddable":true,"href":"https:\/\/czmedicinafuncional.com\/index.php\/wp-json\/wp\/v2\/users\/1"}],"replies":[{"embeddable":true,"href":"https:\/\/czmedicinafuncional.com\/index.php\/wp-json\/wp\/v2\/comments?post=572"}],"version-history":[{"count":3,"href":"https:\/\/czmedicinafuncional.com\/index.php\/wp-json\/wp\/v2\/posts\/572\/revisions"}],"predecessor-version":[{"id":578,"href":"https:\/\/czmedicinafuncional.com\/index.php\/wp-json\/wp\/v2\/posts\/572\/revisions\/578"}],"wp:attachment":[{"href":"https:\/\/czmedicinafuncional.com\/index.php\/wp-json\/wp\/v2\/media?parent=572"}],"wp:term":[{"taxonomy":"category","embeddable":true,"href":"https:\/\/czmedicinafuncional.com\/index.php\/wp-json\/wp\/v2\/categories?post=572"},{"taxonomy":"post_tag","embeddable":true,"href":"https:\/\/czmedicinafuncional.com\/index.php\/wp-json\/wp\/v2\/tags?post=572"}],"curies":[{"name":"wp","href":"https:\/\/api.w.org\/{rel}","templated":true}]}}