{"id":396,"date":"2023-07-31T14:22:30","date_gmt":"2023-07-31T17:22:30","guid":{"rendered":"https:\/\/czmedicinafuncional.com\/?p=396"},"modified":"2023-07-31T14:22:30","modified_gmt":"2023-07-31T17:22:30","slug":"medicina-orthomolecular-2-2","status":"publish","type":"post","link":"https:\/\/czmedicinafuncional.com\/index.php\/2023\/07\/31\/medicina-orthomolecular-2-2\/","title":{"rendered":"S\u00edndrome metab\u00f3lico"},"content":{"rendered":"<p>[et_pb_section fb_built=&#8221;1&#8243; _builder_version=&#8221;4.18.0&#8243; _module_preset=&#8221;default&#8221; background_image=&#8221;http:\/\/czmedicinafuncional.com\/wp-content\/uploads\/2023\/07\/mujer-enferma-manos-estomago-sufriendo-intenso-dolor.jpg&#8221; height=&#8221;297px&#8221; hover_enabled=&#8221;0&#8243; locked=&#8221;off&#8221; global_colors_info=&#8221;{}&#8221; sticky_enabled=&#8221;0&#8243; title_text=&#8221;mujer-enferma-manos-estomago-sufriendo-intenso-dolor&#8221;][et_pb_row _builder_version=&#8221;4.18.0&#8243; _module_preset=&#8221;default&#8221; global_colors_info=&#8221;{}&#8221;][et_pb_column type=&#8221;4_4&#8243; _builder_version=&#8221;4.18.0&#8243; _module_preset=&#8221;default&#8221; global_colors_info=&#8221;{}&#8221;][\/et_pb_column][\/et_pb_row][\/et_pb_section][et_pb_section fb_built=&#8221;1&#8243; _builder_version=&#8221;4.16&#8243; global_colors_info=&#8221;{}&#8221;][et_pb_row _builder_version=&#8221;4.16&#8243; background_size=&#8221;initial&#8221; background_position=&#8221;top_left&#8221; background_repeat=&#8221;repeat&#8221; global_colors_info=&#8221;{}&#8221;][et_pb_column type=&#8221;4_4&#8243; _builder_version=&#8221;4.16&#8243; custom_padding=&#8221;|||&#8221; global_colors_info=&#8221;{}&#8221; custom_padding__hover=&#8221;|||&#8221;][et_pb_text _builder_version=&#8221;4.18.0&#8243; background_size=&#8221;initial&#8221; background_position=&#8221;top_left&#8221; background_repeat=&#8221;repeat&#8221; global_colors_info=&#8221;{}&#8221;]<\/p>\n<p><span style=\"font-weight: 400;\"><strong><em>\u00bfQu\u00e9 es el s\u00edndrome metab\u00f3lico?<\/em><\/strong> El s\u00edndrome metab\u00f3lico se caracteriza por un conjunto de alteraciones del medio interno que provocan diabetes tipo II, hipertensi\u00f3n y dislipemia.<\/span><\/p>\n<p><span style=\"font-weight: 400;\">El aumento del pan\u00edculo adiposo abdominal genera aumento de adipocitoquinas que son mediadores inflamatorios y protromb\u00f3ticos; que, junto con la inactividad f\u00edsica, produce un cuadro de inflamaci\u00f3n cr\u00f3nica, que como resultado da aumento de la resistencia a la insulina, desencadenado esta cascada de reacciones y enfermedades.\u00a0<\/span><\/p>\n<p><span style=\"font-weight: 400;\">Quiero aclarar que una persona delgada, tambi\u00e9n puede desarrollar esta patolog\u00eda, y no es exclusivo de personas con sobrepeso.\u00a0<\/span><\/p>\n<p><span style=\"font-weight: 400;\">El s\u00edndrome metab\u00f3lico, es consecuencia de esta inflamaci\u00f3n cr\u00f3nica, que abarca al 80% de las personas mayores de 65 a\u00f1os. Es por ello, importante medirla, controlarla y evitarla, sobre todo<\/span><\/p>\n<p><span style=\"font-weight: 400;\">Para empezar la principal recomendaci\u00f3n es la alimentaci\u00f3n consciente, la actividad f\u00edsica y una actitud positiva ante la vida, poniendo el foco en d\u00f3nde est\u00e1 lo importante.<\/span><\/p>\n<p><span style=\"font-weight: 400;\">Tambi\u00e9n, si lo deseas, se puede medir a trav\u00e9s de rutinas de laboratorio, midiendo algunos par\u00e1metros como la glucemia, colesterol, TG, HDL entre otros, y algo muy espec\u00edfico como el PIC.<\/span><\/p>\n<p><span style=\"font-weight: 400;\">El PIC es un estudio que mide la relaci\u00f3n de Acido araquid\u00f3nico (AA) \/Acido eicosapentaenoico (EPA), cuyo valor normal es hasta 3. Este estudio es muy espec\u00edfico no se hace en todos lados.<\/span><\/p>\n<p><strong><em>Si quer\u00e9s hacerte el estudio, biodescodificarte o empezar a prevenir, no dudes en consultarme.<\/em><\/strong><\/p>\n<p><br style=\"font-weight: 400;\" \/><br style=\"font-weight: 400;\" \/><\/p>\n<p>[\/et_pb_text][et_pb_button button_url=&#8221;https:\/\/czmedicinafuncional.com\/index.php\/contacto\/&#8221; button_text=&#8221;\u00bfCharlamos?&#8221; _builder_version=&#8221;4.18.0&#8243; _module_preset=&#8221;default&#8221; custom_button=&#8221;on&#8221; button_text_color=&#8221;#FFFFFF&#8221; button_bg_color=&#8221;#a6a07a&#8221; global_colors_info=&#8221;{}&#8221;][\/et_pb_button][\/et_pb_column][\/et_pb_row][\/et_pb_section]<\/p>\n","protected":false},"excerpt":{"rendered":"<p>\u00bfQu\u00e9 es el s\u00edndrome metab\u00f3lico? El s\u00edndrome metab\u00f3lico se caracteriza por un conjunto de alteraciones del medio interno que provocan diabetes tipo II, hipertensi\u00f3n y dislipemia. El aumento del pan\u00edculo adiposo abdominal genera aumento de adipocitoquinas que son mediadores inflamatorios y protromb\u00f3ticos; que, junto con la inactividad f\u00edsica, produce un cuadro de inflamaci\u00f3n cr\u00f3nica, que [&hellip;]<\/p>\n","protected":false},"author":1,"featured_media":0,"comment_status":"closed","ping_status":"open","sticky":false,"template":"","format":"standard","meta":{"_et_pb_use_builder":"on","_et_pb_old_content":"<p>[et_pb_section fb_built=\"1\" _builder_version=\"4.18.0\" _module_preset=\"default\" background_image=\"http:\/\/czmedicinafuncional.com\/wp-content\/uploads\/2023\/07\/1195401.jpg\" height=\"297px\" hover_enabled=\"0\" locked=\"off\" global_colors_info=\"{}\" sticky_enabled=\"0\" title_text=\"Beautiful mixed race woman with afro hair laughing\"][et_pb_row _builder_version=\"4.18.0\" _module_preset=\"default\" global_colors_info=\"{}\"][et_pb_column type=\"4_4\" _builder_version=\"4.18.0\" _module_preset=\"default\" global_colors_info=\"{}\"][\/et_pb_column][\/et_pb_row][\/et_pb_section][et_pb_section fb_built=\"1\" _builder_version=\"4.16\" global_colors_info=\"{}\"][et_pb_row _builder_version=\"4.16\" background_size=\"initial\" background_position=\"top_left\" background_repeat=\"repeat\" global_colors_info=\"{}\"][et_pb_column type=\"4_4\" _builder_version=\"4.16\" custom_padding=\"|||\" global_colors_info=\"{}\" custom_padding__hover=\"|||\"][et_pb_text _builder_version=\"4.18.0\" background_size=\"initial\" background_position=\"top_left\" background_repeat=\"repeat\" global_colors_info=\"{}\"]<\/p><p><span style=\"font-weight: 400;\">Muchas personas se sienten tristes abatidas, ast\u00e9nicas de la vida, y \u00a1cuidado!, no solo sienten esto, sino que tambi\u00e9n, padecen malestares f\u00edsicos como: fibromialgia, ansiedades, problemas gastrointestinales.<\/span><\/p><p><span style=\"font-weight: 400;\">Ah\u00ed es cuando notamos la conexi\u00f3n cuerpo mente.\u00a0<\/span><\/p><p><span style=\"font-weight: 400;\">Como dice el Dr. Dispenza un gran autor, del que podr\u00e1n saber al buscarlo en Instagram o en mi misma red social, ya que hablo mucho de \u00e9l, las emociones y los pensamientos, generan cambios celulares. Uno de ellos, ante situaciones de estr\u00e9s o de mucho nerviosismo, consiste en la elevaci\u00f3n del bendito cortisol.<\/span><\/p><p><span style=\"font-weight: 400;\">Esta hormona en valores anormales puede generar una intoxicaci\u00f3n, enfermedades autoinmunes, depresi\u00f3n, hipertensi\u00f3n, diabetes.\u00a0<\/span><\/p><p><span style=\"font-weight: 400;\">Incluso esta hormona puede aumentar ante la interacci\u00f3n con personas que nos influyen en forma negativa, que repelemos. Esas personas denominadas com\u00fanmente con el termino de \u201ct\u00f3xicas\u201d. (No soy muy fan de este t\u00e9rmino, pero para que las identifiques).\u00a0<\/span><\/p><p><span style=\"font-weight: 400;\">Como contrapartida a las personas \u201ct\u00f3xicas\u201d <strong><em>est\u00e1n las personas \u201cvitamina\u201d<\/em><\/strong>, que son aquellas personas que no pueden faltar en nuestra cotidianidad.<\/span><\/p><p><span style=\"font-weight: 400;\">Te paso las caracter\u00edsticas de estas personas, seg\u00fan las describe la Dra. Rojas Estap\u00e9 para que puedas reconocerlas:<\/span><\/p><ul><li style=\"font-weight: 400;\" aria-level=\"1\"><span style=\"font-weight: 400;\">Escuchan activamente<\/span><\/li><li style=\"font-weight: 400;\" aria-level=\"1\"><span style=\"font-weight: 400;\">Son emp\u00e1ticas<\/span><\/li><li style=\"font-weight: 400;\" aria-level=\"1\"><span style=\"font-weight: 400;\">Son resolutivas<\/span><\/li><li style=\"font-weight: 400;\" aria-level=\"1\"><span style=\"font-weight: 400;\">Optimistas<\/span><\/li><li style=\"font-weight: 400;\" aria-level=\"1\"><span style=\"font-weight: 400;\">Con sentido del humor<\/span><\/li><li style=\"font-weight: 400;\" aria-level=\"1\"><span style=\"font-weight: 400;\">Transmite cr\u00edticas, en forma constructiva<\/span><\/li><li style=\"font-weight: 400;\" aria-level=\"1\"><span style=\"font-weight: 400;\">Viven el presente<\/span><\/li><\/ul><p><span style=\"font-weight: 400;\">Es por ello, que en esta columna te invito a que no solo reconozcas esas personas \u201cvitaminas\u201d en tu vida, sino que seas una de ellas. \u00bfC\u00f3mo? Identifica aquello que te hace feliz, que te gusta, enf\u00f3cate en lo positivo, hace actividad f\u00edsica.<\/span><\/p><p><em><strong>Y c\u00f3mo siempre te digo si necesitas ayuda cont\u00e1ctame.\u00a0<\/strong><\/em><\/p><p><br style=\"font-weight: 400;\" \/><br style=\"font-weight: 400;\" \/><\/p><p>[\/et_pb_text][et_pb_button button_url=\"https:\/\/czmedicinafuncional.com\/index.php\/contacto\/\" button_text=\"\u00bfCharlamos?\" _builder_version=\"4.18.0\" _module_preset=\"default\" custom_button=\"on\" button_text_color=\"#FFFFFF\" button_bg_color=\"#a6a07a\" global_colors_info=\"{}\"][\/et_pb_button][\/et_pb_column][\/et_pb_row][\/et_pb_section]<\/p>","_et_gb_content_width":"","om_disable_all_campaigns":false,"_monsterinsights_skip_tracking":false,"_monsterinsights_sitenote_active":false,"_monsterinsights_sitenote_note":"","_monsterinsights_sitenote_category":0,"_uf_show_specific_survey":0,"_uf_disable_surveys":false,"footnotes":""},"categories":[1],"tags":[],"class_list":["post-396","post","type-post","status-publish","format-standard","hentry","category-sin-categoria"],"aioseo_notices":[],"_links":{"self":[{"href":"https:\/\/czmedicinafuncional.com\/index.php\/wp-json\/wp\/v2\/posts\/396","targetHints":{"allow":["GET"]}}],"collection":[{"href":"https:\/\/czmedicinafuncional.com\/index.php\/wp-json\/wp\/v2\/posts"}],"about":[{"href":"https:\/\/czmedicinafuncional.com\/index.php\/wp-json\/wp\/v2\/types\/post"}],"author":[{"embeddable":true,"href":"https:\/\/czmedicinafuncional.com\/index.php\/wp-json\/wp\/v2\/users\/1"}],"replies":[{"embeddable":true,"href":"https:\/\/czmedicinafuncional.com\/index.php\/wp-json\/wp\/v2\/comments?post=396"}],"version-history":[{"count":3,"href":"https:\/\/czmedicinafuncional.com\/index.php\/wp-json\/wp\/v2\/posts\/396\/revisions"}],"predecessor-version":[{"id":401,"href":"https:\/\/czmedicinafuncional.com\/index.php\/wp-json\/wp\/v2\/posts\/396\/revisions\/401"}],"wp:attachment":[{"href":"https:\/\/czmedicinafuncional.com\/index.php\/wp-json\/wp\/v2\/media?parent=396"}],"wp:term":[{"taxonomy":"category","embeddable":true,"href":"https:\/\/czmedicinafuncional.com\/index.php\/wp-json\/wp\/v2\/categories?post=396"},{"taxonomy":"post_tag","embeddable":true,"href":"https:\/\/czmedicinafuncional.com\/index.php\/wp-json\/wp\/v2\/tags?post=396"}],"curies":[{"name":"wp","href":"https:\/\/api.w.org\/{rel}","templated":true}]}}