{"id":387,"date":"2023-07-31T14:14:13","date_gmt":"2023-07-31T17:14:13","guid":{"rendered":"https:\/\/czmedicinafuncional.com\/?p=387"},"modified":"2023-07-31T14:14:44","modified_gmt":"2023-07-31T17:14:44","slug":"medicina-orthomolecular-2","status":"publish","type":"post","link":"https:\/\/czmedicinafuncional.com\/index.php\/2023\/07\/31\/medicina-orthomolecular-2\/","title":{"rendered":"Persona vitamina"},"content":{"rendered":"<p>[et_pb_section fb_built=&#8221;1&#8243; _builder_version=&#8221;4.18.0&#8243; _module_preset=&#8221;default&#8221; background_image=&#8221;http:\/\/czmedicinafuncional.com\/wp-content\/uploads\/2023\/07\/1195401.jpg&#8221; height=&#8221;297px&#8221; hover_enabled=&#8221;0&#8243; locked=&#8221;off&#8221; global_colors_info=&#8221;{}&#8221; sticky_enabled=&#8221;0&#8243; title_text=&#8221;Beautiful mixed race woman with afro hair laughing&#8221;][et_pb_row _builder_version=&#8221;4.18.0&#8243; _module_preset=&#8221;default&#8221; global_colors_info=&#8221;{}&#8221;][et_pb_column type=&#8221;4_4&#8243; _builder_version=&#8221;4.18.0&#8243; _module_preset=&#8221;default&#8221; global_colors_info=&#8221;{}&#8221;][\/et_pb_column][\/et_pb_row][\/et_pb_section][et_pb_section fb_built=&#8221;1&#8243; _builder_version=&#8221;4.16&#8243; global_colors_info=&#8221;{}&#8221;][et_pb_row _builder_version=&#8221;4.16&#8243; background_size=&#8221;initial&#8221; background_position=&#8221;top_left&#8221; background_repeat=&#8221;repeat&#8221; global_colors_info=&#8221;{}&#8221;][et_pb_column type=&#8221;4_4&#8243; _builder_version=&#8221;4.16&#8243; custom_padding=&#8221;|||&#8221; global_colors_info=&#8221;{}&#8221; custom_padding__hover=&#8221;|||&#8221;][et_pb_text _builder_version=&#8221;4.18.0&#8243; background_size=&#8221;initial&#8221; background_position=&#8221;top_left&#8221; background_repeat=&#8221;repeat&#8221; global_colors_info=&#8221;{}&#8221;]<\/p>\n<p><span style=\"font-weight: 400;\">Muchas personas se sienten tristes abatidas, ast\u00e9nicas de la vida, y \u00a1cuidado!, no solo sienten esto, sino que tambi\u00e9n, padecen malestares f\u00edsicos como: fibromialgia, ansiedades, problemas gastrointestinales.<\/span><\/p>\n<p><span style=\"font-weight: 400;\">Ah\u00ed es cuando notamos la conexi\u00f3n cuerpo mente.\u00a0<\/span><\/p>\n<p><span style=\"font-weight: 400;\">Como dice el Dr. Dispenza un gran autor, del que podr\u00e1n saber al buscarlo en Instagram o en mi misma red social, ya que hablo mucho de \u00e9l, las emociones y los pensamientos, generan cambios celulares. Uno de ellos, ante situaciones de estr\u00e9s o de mucho nerviosismo, consiste en la elevaci\u00f3n del bendito cortisol.<\/span><\/p>\n<p><span style=\"font-weight: 400;\">Esta hormona en valores anormales puede generar una intoxicaci\u00f3n, enfermedades autoinmunes, depresi\u00f3n, hipertensi\u00f3n, diabetes.\u00a0<\/span><\/p>\n<p><span style=\"font-weight: 400;\">Incluso esta hormona puede aumentar ante la interacci\u00f3n con personas que nos influyen en forma negativa, que repelemos. Esas personas denominadas com\u00fanmente con el termino de \u201ct\u00f3xicas\u201d. (No soy muy fan de este t\u00e9rmino, pero para que las identifiques).\u00a0<\/span><\/p>\n<p><span style=\"font-weight: 400;\">Como contrapartida a las personas \u201ct\u00f3xicas\u201d <strong><em>est\u00e1n las personas \u201cvitamina\u201d<\/em><\/strong>, que son aquellas personas que no pueden faltar en nuestra cotidianidad.<\/span><\/p>\n<p><span style=\"font-weight: 400;\">Te paso las caracter\u00edsticas de estas personas, seg\u00fan las describe la Dra. Rojas Estap\u00e9 para que puedas reconocerlas:<\/span><\/p>\n<ul>\n<li style=\"font-weight: 400;\" aria-level=\"1\"><span style=\"font-weight: 400;\">Escuchan activamente<\/span><\/li>\n<li style=\"font-weight: 400;\" aria-level=\"1\"><span style=\"font-weight: 400;\">Son emp\u00e1ticas<\/span><\/li>\n<li style=\"font-weight: 400;\" aria-level=\"1\"><span style=\"font-weight: 400;\">Son resolutivas<\/span><\/li>\n<li style=\"font-weight: 400;\" aria-level=\"1\"><span style=\"font-weight: 400;\">Optimistas<\/span><\/li>\n<li style=\"font-weight: 400;\" aria-level=\"1\"><span style=\"font-weight: 400;\">Con sentido del humor<\/span><\/li>\n<li style=\"font-weight: 400;\" aria-level=\"1\"><span style=\"font-weight: 400;\">Transmite cr\u00edticas, en forma constructiva<\/span><\/li>\n<li style=\"font-weight: 400;\" aria-level=\"1\"><span style=\"font-weight: 400;\">Viven el presente<\/span><\/li>\n<\/ul>\n<p><span style=\"font-weight: 400;\">Es por ello, que en esta columna te invito a que no solo reconozcas esas personas \u201cvitaminas\u201d en tu vida, sino que seas una de ellas. \u00bfC\u00f3mo? Identifica aquello que te hace feliz, que te gusta, enf\u00f3cate en lo positivo, hace actividad f\u00edsica.<\/span><\/p>\n<p><em><strong>Y c\u00f3mo siempre te digo si necesitas ayuda cont\u00e1ctame.\u00a0<\/strong><\/em><\/p>\n<p><br style=\"font-weight: 400;\" \/><br style=\"font-weight: 400;\" \/><\/p>\n<p>[\/et_pb_text][et_pb_button button_url=&#8221;https:\/\/czmedicinafuncional.com\/index.php\/contacto\/&#8221; button_text=&#8221;\u00bfCharlamos?&#8221; _builder_version=&#8221;4.18.0&#8243; _module_preset=&#8221;default&#8221; custom_button=&#8221;on&#8221; button_text_color=&#8221;#FFFFFF&#8221; button_bg_color=&#8221;#a6a07a&#8221; global_colors_info=&#8221;{}&#8221;][\/et_pb_button][\/et_pb_column][\/et_pb_row][\/et_pb_section]<\/p>\n","protected":false},"excerpt":{"rendered":"<p>Muchas personas se sienten tristes abatidas, ast\u00e9nicas de la vida, y \u00a1cuidado!, no solo sienten esto, sino que tambi\u00e9n, padecen malestares f\u00edsicos como: fibromialgia, ansiedades, problemas gastrointestinales. Ah\u00ed es cuando notamos la conexi\u00f3n cuerpo mente.\u00a0 Como dice el Dr. Dispenza un gran autor, del que podr\u00e1n saber al buscarlo en Instagram o en mi misma [&hellip;]<\/p>\n","protected":false},"author":1,"featured_media":0,"comment_status":"closed","ping_status":"open","sticky":false,"template":"","format":"standard","meta":{"_et_pb_use_builder":"on","_et_pb_old_content":"<p>[et_pb_section fb_built=\"1\" _builder_version=\"4.18.0\" _module_preset=\"default\" background_image=\"http:\/\/czmedicinafuncional.com\/wp-content\/uploads\/2023\/06\/fondo-medico-3d-hebras-adn.jpg\" height=\"297px\" hover_enabled=\"0\" locked=\"off\" global_colors_info=\"{}\" theme_builder_area=\"post_content\" sticky_enabled=\"0\" title_text=\"fondo-medico-3d-hebras-adn\"][et_pb_row _builder_version=\"4.18.0\" _module_preset=\"default\" global_colors_info=\"{}\" theme_builder_area=\"post_content\"][et_pb_column type=\"4_4\" _builder_version=\"4.18.0\" _module_preset=\"default\" global_colors_info=\"{}\" theme_builder_area=\"post_content\"][\/et_pb_column][\/et_pb_row][\/et_pb_section][et_pb_section fb_built=\"1\" _builder_version=\"4.16\" global_colors_info=\"{}\" theme_builder_area=\"post_content\"][et_pb_row _builder_version=\"4.16\" background_size=\"initial\" background_position=\"top_left\" background_repeat=\"repeat\" global_colors_info=\"{}\" theme_builder_area=\"post_content\"][et_pb_column type=\"4_4\" _builder_version=\"4.16\" custom_padding=\"|||\" global_colors_info=\"{}\" custom_padding__hover=\"|||\" theme_builder_area=\"post_content\"][et_pb_text _builder_version=\"4.18.0\" background_size=\"initial\" background_position=\"top_left\" background_repeat=\"repeat\" global_colors_info=\"{}\" theme_builder_area=\"post_content\"]<\/p><p><span style=\"font-weight: 400;\">La Medicina Orthomolecular es una disciplina con bases cient\u00edficas comprobadas, sin efectos adversos, y su pionero ha sido el Premio Nobel de Qu\u00edmica, el Dr. Linus Pauling, quien fuera uno de los pioneros en la utilizaci\u00f3n de altas dosis de Vit C como una herramienta para retardar el envejecimiento.<\/span><\/p><p><span style=\"font-weight: 400;\">Se basa en nutrientes naturales, en dosis \u201corthomoleculares\u201d (dosis altas). Por ello est\u00e1 pr\u00e1cticamente libre de efectos adversos.\u00a0<\/span><\/p><p><span style=\"font-weight: 400;\">Disminuye el estr\u00e9s oxidativo y la inflamaci\u00f3n, que son la base del envejecimiento y muchas enfermedades.<\/span><\/p><p><span style=\"font-weight: 400;\">Su efectividad est\u00e1 demostrada; no es una \u201cmedicina alternativa\u201d. Sus primeras publicaciones cient\u00edficas datan de principios del Siglo XX.<\/span><\/p><p><span style=\"font-weight: 400;\">La\u00a0<\/span><a href=\"https:\/\/www.ambito.com\/medicina-a5125235\"><b>medicina<\/b><\/a><span style=\"font-weight: 400;\">\u00a0orthomolecular busca reestablecer el equilibrio de las mol\u00e9culas en el organismo, utilizando la dosis correcta de micronutrientes y mol\u00e9culas bioactivas presentes en el cuerpo o en los alimentos\u00a0<\/span><\/p><p><span style=\"font-weight: 400;\">Cada paciente cursa distintos procesos que consumen vitaminas, y\u00a0<\/span><b>pueden alterar los umbrales de absorci\u00f3n y eliminaci\u00f3n. Se busca frenar el envejecimiento patol\u00f3gico, y las enfermedades cr\u00f3nico-degenerativas<\/b><span style=\"font-weight: 400;\">. Cada persona es \u00fanica y posee diferentes requerimientos de cada nutriente, y responde de manera particular al tratamiento, por eso los tratamientos llevan nombre y apellido porque deben ser personales, individuales y evaluados en un sistema \u00fanico para cada uno.<\/span><\/p><p><span style=\"font-weight: 400;\">Los requerimientos pueden realizarse a trav\u00e9s de los cambios nutricionales, complementos nutricionales y tambi\u00e9n en forma de sueros.<\/span><\/p><p><span style=\"font-weight: 400;\">En el caso de trabajar conmigo, mi misi\u00f3n es lograr el bienestar en todas las \u00e1reas de tu vida, por lo que voy m\u00e1s all\u00e1 de lo meramente m\u00e9dico, y avanzo en las emociones, en tus creencias y pensamientos para que puedas llevar los cambios de este estilo de vida en forma eficaz.\u00a0<\/span><\/p><p><span style=\"font-weight: 400;\">En los pr\u00f3ximos posteos, te contar\u00e9 mas de los beneficios de los antioxidantes, los diferentes complementos y los sueros que una persona puede realizarse.\u00a0<\/span><\/p><p><br style=\"font-weight: 400;\" \/><br style=\"font-weight: 400;\" \/><\/p><p>[\/et_pb_text][et_pb_button button_url=\"https:\/\/czmedicinafuncional.com\/index.php\/contacto\/\" button_text=\"\u00bfCharlamos?\" _builder_version=\"4.18.0\" _module_preset=\"default\" custom_button=\"on\" button_text_color=\"#FFFFFF\" button_bg_color=\"#a6a07a\" global_colors_info=\"{}\" theme_builder_area=\"post_content\"][\/et_pb_button][\/et_pb_column][\/et_pb_row][\/et_pb_section]<\/p>","_et_gb_content_width":"","om_disable_all_campaigns":false,"_monsterinsights_skip_tracking":false,"_monsterinsights_sitenote_active":false,"_monsterinsights_sitenote_note":"","_monsterinsights_sitenote_category":0,"_uf_show_specific_survey":0,"_uf_disable_surveys":false,"footnotes":""},"categories":[1],"tags":[],"class_list":["post-387","post","type-post","status-publish","format-standard","hentry","category-sin-categoria"],"aioseo_notices":[],"_links":{"self":[{"href":"https:\/\/czmedicinafuncional.com\/index.php\/wp-json\/wp\/v2\/posts\/387","targetHints":{"allow":["GET"]}}],"collection":[{"href":"https:\/\/czmedicinafuncional.com\/index.php\/wp-json\/wp\/v2\/posts"}],"about":[{"href":"https:\/\/czmedicinafuncional.com\/index.php\/wp-json\/wp\/v2\/types\/post"}],"author":[{"embeddable":true,"href":"https:\/\/czmedicinafuncional.com\/index.php\/wp-json\/wp\/v2\/users\/1"}],"replies":[{"embeddable":true,"href":"https:\/\/czmedicinafuncional.com\/index.php\/wp-json\/wp\/v2\/comments?post=387"}],"version-history":[{"count":5,"href":"https:\/\/czmedicinafuncional.com\/index.php\/wp-json\/wp\/v2\/posts\/387\/revisions"}],"predecessor-version":[{"id":394,"href":"https:\/\/czmedicinafuncional.com\/index.php\/wp-json\/wp\/v2\/posts\/387\/revisions\/394"}],"wp:attachment":[{"href":"https:\/\/czmedicinafuncional.com\/index.php\/wp-json\/wp\/v2\/media?parent=387"}],"wp:term":[{"taxonomy":"category","embeddable":true,"href":"https:\/\/czmedicinafuncional.com\/index.php\/wp-json\/wp\/v2\/categories?post=387"},{"taxonomy":"post_tag","embeddable":true,"href":"https:\/\/czmedicinafuncional.com\/index.php\/wp-json\/wp\/v2\/tags?post=387"}],"curies":[{"name":"wp","href":"https:\/\/api.w.org\/{rel}","templated":true}]}}